{"id":10003,"date":"2022-03-19T08:33:20","date_gmt":"2022-03-19T07:33:20","guid":{"rendered":"https:\/\/www.danubecommission.org\/dc\/?p=10003"},"modified":"2022-03-21T11:42:54","modified_gmt":"2022-03-21T10:42:54","slug":"la-deuxieme-reunion-dexperts-pour-le-developpement-des-portset-des-operations-portuairesre-ports-sest-terminee-avec-succes","status":"publish","type":"post","link":"https:\/\/www.danubecommission.org\/dc\/fr\/2022\/03\/19\/la-deuxieme-reunion-dexperts-pour-le-developpement-des-portset-des-operations-portuairesre-ports-sest-terminee-avec-succes\/","title":{"rendered":"La deuxi\u00e8me r\u00e9union d\u2019experts pour le d\u00e9veloppement des portset des op\u00e9rations portuaires(RE PORTS) s\u2019est termin\u00e9e avec succ\u00e8s"},"content":{"rendered":"<p>&nbsp;<\/p>\n<p style=\"text-align: justify;\">Le 9 mars 2022, la Commission du Danube (CD) a organis\u00e9 la deuxi\u00e8me r\u00e9union d\u2019experts pour le d\u00e9veloppement des portset des op\u00e9rations portuaires (RE PORTS). Aux travaux de cette r\u00e9union en r\u00e9gime en ligne ont particip\u00e9 quelque 60 personnes, la plupart \u00e9tant des repr\u00e9sentants d\u2019administrations de ports danubiens. La r\u00e9union s\u2019est d\u00e9roul\u00e9e sous la pr\u00e9sidence de Monsieur Werner Auer, Directeur ex\u00e9cutif du port autrichien d\u2019Enns.<\/p>\n<p><img alt=\"\" loading=\"lazy\" decoding=\"async\" class=\"wp-image-10046 size-large aligncenter\" src=\"https:\/\/www.danubecommission.org\/dc\/wp-content\/uploads\/2022\/03\/Screenshot-2022-03-09-111213-1024x502.png\" alt=\"\" width=\"800\" height=\"392\" srcset=\"https:\/\/www.danubecommission.org\/dc\/wp-content\/uploads\/2022\/03\/Screenshot-2022-03-09-111213-1024x502.png 1024w, https:\/\/www.danubecommission.org\/dc\/wp-content\/uploads\/2022\/03\/Screenshot-2022-03-09-111213-300x147.png 300w, https:\/\/www.danubecommission.org\/dc\/wp-content\/uploads\/2022\/03\/Screenshot-2022-03-09-111213-768x377.png 768w, https:\/\/www.danubecommission.org\/dc\/wp-content\/uploads\/2022\/03\/Screenshot-2022-03-09-111213.png 1497w\" sizes=\"auto, (max-width: 800px) 100vw, 800px\" \/><\/p>\n<p style=\"text-align: justify;\">Des repr\u00e9sentants de <em>DG MOVE, CINEA, EFIP,<\/em> d\u2019Etats membres de la Commission du Danube et des coordinateurs de divers projets ont pr\u00e9sent\u00e9 des strat\u00e9gies fondamentales ayant trait aux ports danubiens et maritimes, des r\u00e8gles et des projets dans la sph\u00e8re de l\u2019infrastructure, de la transition \u00e0 de nouvelles sources d\u2019\u00e9nergie, de l\u2019\u00e9cologisation et de la digitalisation du fonctionnement des ports. Une attention particuli\u00e8re a \u00e9t\u00e9 accord\u00e9e \u00e0 la Proposition de R\u00e8glement du Parlement europ\u00e9en et du Conseil sur le d\u00e9ploiement d\u2019une infrastructure pour carburants alternatifs et abrogeant la directive 2014\/94\/UE du Parlement europ\u00e9en et du Conseil\u00a0<em>(Alternative Fuels Infrastructure Regulation (AFIR)) <\/em>et \u00e0 la plateforme Alimentation \u00e9lectrique \u00e0 terre (OPS)) <em>(Onshore Power Supply(OPS)) <\/em>en ce qui concerne les ports danubiens.<\/p>\n<p><img alt=\"\" loading=\"lazy\" decoding=\"async\" class=\"wp-image-10047 aligncenter\" src=\"https:\/\/www.danubecommission.org\/dc\/wp-content\/uploads\/2022\/03\/EM-PORTS-Collage-9-March-2022.jpg\" alt=\"\" width=\"800\" height=\"800\" srcset=\"https:\/\/www.danubecommission.org\/dc\/wp-content\/uploads\/2022\/03\/EM-PORTS-Collage-9-March-2022.jpg 1000w, https:\/\/www.danubecommission.org\/dc\/wp-content\/uploads\/2022\/03\/EM-PORTS-Collage-9-March-2022-300x300.jpg 300w, https:\/\/www.danubecommission.org\/dc\/wp-content\/uploads\/2022\/03\/EM-PORTS-Collage-9-March-2022-150x150.jpg 150w, https:\/\/www.danubecommission.org\/dc\/wp-content\/uploads\/2022\/03\/EM-PORTS-Collage-9-March-2022-768x768.jpg 768w\" sizes=\"auto, (max-width: 800px) 100vw, 800px\" \/><\/p>\n<p style=\"text-align: justify;\">Dans le but d\u2019un contr\u00f4le plus efficace de l\u2019\u00e9tat de l\u2019infrastructure portuaire et de la pour suite de son d\u00e9veloppement, le Secr\u00e9tariat de la Commission du Danube a propos\u00e9 d\u2019\u00e9largir son actuelle base de donn\u00e9es relative aux ports danubiens et de la transformer dans un syst\u00e8me informationnel global sur la base de <em>GIS.<\/em><\/p>\n<p style=\"text-align: justify;\">Le Secr\u00e9tariat de la CD a \u00e9galement propos\u00e9 une \u00ab D\u00e9claration sur la d\u00e9carbonation et la durabilit\u00e9 des ports fluviaux et maritimes dans la r\u00e9gion du Danube \u00bb, laquelle formalisera de mani\u00e8re documentaire l\u2019engagement des ports danubiens \u00e0 \u00e9laborer des strat\u00e9gies, des plans d\u2019actions et des projets en vue de la r\u00e9duction des \u00e9missions de gaz \u00e0 effet de serre de 55% d\u2019ici 2030 et de l\u2019atteinte d\u2019\u00e9missions netto-nulles de gaz \u00e0 effet de serre d\u2019ici 2050. Il est propos\u00e9 aux autorit\u00e9s comp\u00e9tentes\/administrations des ports, aux propri\u00e9taires priv\u00e9s et aux op\u00e9rateurs de ports de signer la \u00ab D\u00e9claration sur la d\u00e9carbonation et la durabilit\u00e9 des ports fluviaux et maritimes dans la r\u00e9gion du Danube \u00bb, selon la proc\u00e9dure d\u00e9crite d\u2019ici le deuxi\u00e8me semestre de l\u2019ann\u00e9e en cours.<\/p>\n<p style=\"text-align: justify;\">La suivante r\u00e9union est planifi\u00e9e pour le 29 septembre 2022.<\/p>\n<p>Pr\u00e9sentations:<\/p>\n<p><iframe style=\"width: 800px; height: 1000px; border: 0;\" src=\"https:\/\/drive.google.com\/embeddedfolderview?id=1eYZ2WBvbAomnaMzJQlWUC08Zdj1902am#list\"><\/iframe><\/p>\n","protected":false},"excerpt":{"rendered":"<p>&nbsp; Le 9 mars 2022, la Commission du Danube (CD) a organis\u00e9 la deuxi\u00e8me r\u00e9union d\u2019experts pour le d\u00e9veloppement des<\/p>\n","protected":false},"author":1,"featured_media":0,"comment_status":"closed","ping_status":"closed","sticky":false,"template":"","format":"standard","meta":{"_seopress_robots_primary_cat":"","_seopress_titles_title":"","_seopress_titles_desc":"","_seopress_robots_index":"","colormag_page_container_layout":"default_layout","colormag_page_sidebar_layout":"default_layout","footnotes":""},"categories":[365],"tags":[],"class_list":["post-10003","post","type-post","status-publish","format-standard","hentry","category-reunions"],"_links":{"self":[{"href":"https:\/\/www.danubecommission.org\/dc\/wp-json\/wp\/v2\/posts\/10003","targetHints":{"allow":["GET"]}}],"collection":[{"href":"https:\/\/www.danubecommission.org\/dc\/wp-json\/wp\/v2\/posts"}],"about":[{"href":"https:\/\/www.danubecommission.org\/dc\/wp-json\/wp\/v2\/types\/post"}],"author":[{"embeddable":true,"href":"https:\/\/www.danubecommission.org\/dc\/wp-json\/wp\/v2\/users\/1"}],"replies":[{"embeddable":true,"href":"https:\/\/www.danubecommission.org\/dc\/wp-json\/wp\/v2\/comments?post=10003"}],"version-history":[{"count":0,"href":"https:\/\/www.danubecommission.org\/dc\/wp-json\/wp\/v2\/posts\/10003\/revisions"}],"wp:attachment":[{"href":"https:\/\/www.danubecommission.org\/dc\/wp-json\/wp\/v2\/media?parent=10003"}],"wp:term":[{"taxonomy":"category","embeddable":true,"href":"https:\/\/www.danubecommission.org\/dc\/wp-json\/wp\/v2\/categories?post=10003"},{"taxonomy":"post_tag","embeddable":true,"href":"https:\/\/www.danubecommission.org\/dc\/wp-json\/wp\/v2\/tags?post=10003"}],"curies":[{"name":"wp","href":"https:\/\/api.w.org\/{rel}","templated":true}]}}