{"id":10070,"date":"2022-03-04T08:55:58","date_gmt":"2022-03-04T07:55:58","guid":{"rendered":"https:\/\/www.danubecommission.org\/dc\/?p=10070"},"modified":"2022-03-22T09:18:46","modified_gmt":"2022-03-22T08:18:46","slug":"reunion-dexperts-dechets-provenant-de-lexploitation-des-bateaux-4-mars-2022","status":"publish","type":"post","link":"https:\/\/www.danubecommission.org\/dc\/fr\/2022\/03\/04\/reunion-dexperts-dechets-provenant-de-lexploitation-des-bateaux-4-mars-2022\/","title":{"rendered":"Communique a la presse: R\u00e9union d\u2019experts \u00ab D\u00e9chets provenant de l\u2019exploitation des bateaux \u00bb  (4 mars 2022)"},"content":{"rendered":"<p style=\"text-align: justify;\">La r\u00e9union d\u2019experts sur les questions de la collecte des d\u00e9chets des bateaux sur le Danube a eu lieu le 4 mars 2022 en r\u00e9gime hybride.<\/p>\n<p style=\"text-align: justify;\">Ont pris part \u00e0 la r\u00e9union des experts des Etats membres de la Commission du Danube : Bulgarie, Croatie, Hongrie, Russie, Serbie, Slovaquie et Ukraine, ainsi que la secr\u00e9taire du Groupe de travail des <em>transports <\/em>par <em>voie navigable de la CEE-ONU et une fonctionnaire charg\u00e9e des questions de la politique de la <\/em>Convention de Strasbourg relative \u00e0 la collecte, au d\u00e9p\u00f4t et \u00e0 la r\u00e9ception des d\u00e9chets survenant en navigation rh\u00e9nane et int\u00e9rieure.<\/p>\n<p><img alt=\"\" loading=\"lazy\" decoding=\"async\" class=\"size-full wp-image-10062 aligncenter\" src=\"https:\/\/www.danubecommission.org\/dc\/wp-content\/uploads\/2022\/03\/waste.jpg\" alt=\"\" width=\"800\" height=\"444\" srcset=\"https:\/\/www.danubecommission.org\/dc\/wp-content\/uploads\/2022\/03\/waste.jpg 800w, https:\/\/www.danubecommission.org\/dc\/wp-content\/uploads\/2022\/03\/waste-300x167.jpg 300w, https:\/\/www.danubecommission.org\/dc\/wp-content\/uploads\/2022\/03\/waste-768x426.jpg 768w\" sizes=\"auto, (max-width: 800px) 100vw, 800px\" \/><\/p>\n<p>Les experts ont discut\u00e9 les questions relatives \u00e0 l\u2019assurance de la s\u00fbret\u00e9 \u00e9cologique du Danube, lesquelles avaient une signification importante pour l\u2019ensemble de la navigation int\u00e9rieure europ\u00e9enne, en concertant, entre autres, un projet de version mise \u00e0 jour des \u00ab Recommandations relatives \u00e0 l\u2019organisation de la collecte des d\u00e9chets des bateaux naviguant sur le Danube \u00bb et ont examin\u00e9 les actions pratiques entreprises par les autorit\u00e9s comp\u00e9tentes des Etats membres de la Commission en vue de la pr\u00e9vention de la pollution du Danube.<\/p>\n<p style=\"text-align: justify;\">La r\u00e9union a pris connaissance d\u2019une communication au sujet de l\u2019infrastructure mise en place sur le Danube pour la collecte et l\u2019\u00e9limination des d\u00e9chets des bateaux.<\/p>\n<p style=\"text-align: justify;\">En tant qu\u2019exemple pratique, le Secr\u00e9tariat a pr\u00e9sent\u00e9 des informations relatives \u00e0 l\u2019organisation de la collecte des d\u00e9chets des bateaux \u00e0 la station de r\u00e9ception \u00ab Ile verte \u00bb \u00e0 Budapest.<\/p>\n<p style=\"text-align: justify;\">Actuellement il est possible de voir les stations de r\u00e9ception pour la collecte des d\u00e9chets des bateaux sur le Danube sur la carte interactive du Danube. Ces informations figurent \u00e0 titre d\u2019essai sur le site Internet de la Commission du Danube.<\/p>\n<p style=\"text-align: justify;\">Au cours de la discussion portant sur la poursuite des actions de la Commission du Danube en vue de mettre en place un syst\u00e8me commun de financement de la collecte des d\u00e9chets sur le Danube, il a \u00e9t\u00e9 propos\u00e9 d\u2019\u00e9tudier l\u2019exp\u00e9rience du syst\u00e8me de vente de vignettes sur le secteur autrichien de Danube.<\/p>\n<p style=\"text-align: justify;\">Les r\u00e9sultats de la r\u00e9union seront pr\u00e9sent\u00e9s \u00e0 la s\u00e9ance du groupe de travail pour les questions techniques <em>(5-8 avril 2022)<\/em>, lors de laquelle sera examin\u00e9 un projet de version mise \u00e0 jour des \u00ab\u00a0Recommandations relatives \u00e0 l\u2019organisation de la collecte des d\u00e9chets des bateaux naviguant sur le Danube\u00a0\u00bb en vue de l\u2019approbation ult\u00e9rieure de ce document lors de la 97<sup>e<\/sup> session de la Commission du Danube.<\/p>\n","protected":false},"excerpt":{"rendered":"<p>La r\u00e9union d\u2019experts sur les questions de la collecte des d\u00e9chets des bateaux sur le Danube a eu lieu le<\/p>\n","protected":false},"author":1,"featured_media":0,"comment_status":"closed","ping_status":"closed","sticky":false,"template":"","format":"standard","meta":{"_seopress_robots_primary_cat":"","_seopress_titles_title":"","_seopress_titles_desc":"","_seopress_robots_index":"","colormag_page_container_layout":"default_layout","colormag_page_sidebar_layout":"default_layout","footnotes":""},"categories":[365],"tags":[],"class_list":["post-10070","post","type-post","status-publish","format-standard","hentry","category-reunions"],"_links":{"self":[{"href":"https:\/\/www.danubecommission.org\/dc\/wp-json\/wp\/v2\/posts\/10070","targetHints":{"allow":["GET"]}}],"collection":[{"href":"https:\/\/www.danubecommission.org\/dc\/wp-json\/wp\/v2\/posts"}],"about":[{"href":"https:\/\/www.danubecommission.org\/dc\/wp-json\/wp\/v2\/types\/post"}],"author":[{"embeddable":true,"href":"https:\/\/www.danubecommission.org\/dc\/wp-json\/wp\/v2\/users\/1"}],"replies":[{"embeddable":true,"href":"https:\/\/www.danubecommission.org\/dc\/wp-json\/wp\/v2\/comments?post=10070"}],"version-history":[{"count":0,"href":"https:\/\/www.danubecommission.org\/dc\/wp-json\/wp\/v2\/posts\/10070\/revisions"}],"wp:attachment":[{"href":"https:\/\/www.danubecommission.org\/dc\/wp-json\/wp\/v2\/media?parent=10070"}],"wp:term":[{"taxonomy":"category","embeddable":true,"href":"https:\/\/www.danubecommission.org\/dc\/wp-json\/wp\/v2\/categories?post=10070"},{"taxonomy":"post_tag","embeddable":true,"href":"https:\/\/www.danubecommission.org\/dc\/wp-json\/wp\/v2\/tags?post=10070"}],"curies":[{"name":"wp","href":"https:\/\/api.w.org\/{rel}","templated":true}]}}