{"id":12291,"date":"2023-08-22T12:30:41","date_gmt":"2023-08-22T11:30:41","guid":{"rendered":"https:\/\/www.danubecommission.org\/dc\/?p=12291"},"modified":"2023-08-22T20:20:55","modified_gmt":"2023-08-22T19:20:55","slug":"das-sekretariat-der-donaukommission-hat-mit-tiefer-bestuerzung-vom-ableben-seines-ehemaligen-rats-fuer-rechtsangelegenheiten-im-sekretariat-der-kommission-des-rumaenischen-staatsbuergers-herrn-cipri-2","status":"publish","type":"post","link":"https:\/\/www.danubecommission.org\/dc\/de\/2023\/08\/22\/das-sekretariat-der-donaukommission-hat-mit-tiefer-bestuerzung-vom-ableben-seines-ehemaligen-rats-fuer-rechtsangelegenheiten-im-sekretariat-der-kommission-des-rumaenischen-staatsbuergers-herrn-cipri-2\/","title":{"rendered":"Das Sekretariat der Donaukommission hat mit tiefer Best\u00fcrzung vom Ableben seines ehemaligen Rats f\u00fcr Rechtsangelegenheiten im Sekretariat der Kommission, des rum\u00e4nischen Staatsb\u00fcrgers Herrn Ciprian Popa erfahren"},"content":{"rendered":"<p style=\"text-align: justify;\"><a href=\"https:\/\/www.juridice.ro\/701220\/diplomatul-ciprian-popa-s-a-stins.html\"><img alt=\"\" loading=\"lazy\" decoding=\"async\" class=\"alignleft wp-image-12281 size-medium\" src=\"https:\/\/www.danubecommission.org\/dc\/wp-content\/uploads\/2023\/08\/pexels-photo-783200-300x200.webp\" alt=\"\" width=\"300\" height=\"200\" srcset=\"https:\/\/www.danubecommission.org\/dc\/wp-content\/uploads\/2023\/08\/pexels-photo-783200-300x200.webp 300w, https:\/\/www.danubecommission.org\/dc\/wp-content\/uploads\/2023\/08\/pexels-photo-783200-1024x683.webp 1024w, https:\/\/www.danubecommission.org\/dc\/wp-content\/uploads\/2023\/08\/pexels-photo-783200-768x512.webp 768w, https:\/\/www.danubecommission.org\/dc\/wp-content\/uploads\/2023\/08\/pexels-photo-783200.webp 1125w\" sizes=\"auto, (max-width: 300px) 100vw, 300px\" \/><\/a>Das Sekretariat der Donaukommission hat mit tiefer Best\u00fcrzung vom Ableben seines ehemaligen Rats f\u00fcr Rechtsangelegenheiten im Sekretariat der Kommission, des rum\u00e4nischen Staatsb\u00fcrgers Herrn Ciprian Popa erfahren. In Anbetracht dieses traurigen Umstands m\u00f6chte das Sekretariat seiner Familie und seinen Kollegen im rum\u00e4nischen Au\u00dfenministerium sein tiefempfundenes Beileid aussprechen. W\u00e4hrend seiner T\u00e4tigkeit im Sekretariat widmete sich Herr Popa engagiert rechtlichen Fragen im Zusammenhang mit der Donauschifffahrt und der Funktionsweise der Kommission. Das Sekretariat wird ihn in bleibender Erinnerung behalten.<\/p>\n<p>&nbsp;<\/p>\n<p>&nbsp;<\/p>\n<p>&nbsp;<\/p>\n","protected":false},"excerpt":{"rendered":"<p>Das Sekretariat der Donaukommission hat mit tiefer Best\u00fcrzung vom Ableben seines ehemaligen Rats f\u00fcr Rechtsangelegenheiten im Sekretariat der Kommission, des rum\u00e4nischen Staatsb\u00fcrgers Herrn Ciprian Popa erfahren. In Anbetracht dieses traurigen Umstands m\u00f6chte das Sekretariat seiner Familie und seinen Kollegen im rum\u00e4nischen Au\u00dfenministerium sein tiefempfundenes Beileid aussprechen. W\u00e4hrend seiner T\u00e4tigkeit im Sekretariat widmete sich Herr Popa engagiert rechtlichen Fragen im Zusammenhang mit der Donauschifffahrt und der Funktionsweise der Kommission. Das Sekretariat wird ihn in bleibender Erinnerung behalten.<\/p>\n","protected":false},"author":95,"featured_media":0,"comment_status":"closed","ping_status":"closed","sticky":false,"template":"","format":"standard","meta":{"_seopress_robots_primary_cat":"","_seopress_titles_title":"","_seopress_titles_desc":"","_seopress_robots_index":"","colormag_page_container_layout":"default_layout","colormag_page_sidebar_layout":"default_layout","footnotes":""},"categories":[231],"tags":[],"class_list":["post-12291","post","type-post","status-publish","format-standard","hentry","category-uncategorized-de"],"_links":{"self":[{"href":"https:\/\/www.danubecommission.org\/dc\/wp-json\/wp\/v2\/posts\/12291","targetHints":{"allow":["GET"]}}],"collection":[{"href":"https:\/\/www.danubecommission.org\/dc\/wp-json\/wp\/v2\/posts"}],"about":[{"href":"https:\/\/www.danubecommission.org\/dc\/wp-json\/wp\/v2\/types\/post"}],"author":[{"embeddable":true,"href":"https:\/\/www.danubecommission.org\/dc\/wp-json\/wp\/v2\/users\/95"}],"replies":[{"embeddable":true,"href":"https:\/\/www.danubecommission.org\/dc\/wp-json\/wp\/v2\/comments?post=12291"}],"version-history":[{"count":0,"href":"https:\/\/www.danubecommission.org\/dc\/wp-json\/wp\/v2\/posts\/12291\/revisions"}],"wp:attachment":[{"href":"https:\/\/www.danubecommission.org\/dc\/wp-json\/wp\/v2\/media?parent=12291"}],"wp:term":[{"taxonomy":"category","embeddable":true,"href":"https:\/\/www.danubecommission.org\/dc\/wp-json\/wp\/v2\/categories?post=12291"},{"taxonomy":"post_tag","embeddable":true,"href":"https:\/\/www.danubecommission.org\/dc\/wp-json\/wp\/v2\/tags?post=12291"}],"curies":[{"name":"wp","href":"https:\/\/api.w.org\/{rel}","templated":true}]}}