{"id":8272,"date":"2021-02-11T12:41:58","date_gmt":"2021-02-11T11:41:58","guid":{"rendered":"https:\/\/www.danubecommission.org\/dc\/?p=8272"},"modified":"2021-02-11T12:45:02","modified_gmt":"2021-02-11T11:45:02","slug":"communique-a-la-presse-reunion-de-lancement-du-projet-platina-3-en-ligne-8-fevrier-2021","status":"publish","type":"post","link":"https:\/\/www.danubecommission.org\/dc\/fr\/2021\/02\/11\/communique-a-la-presse-reunion-de-lancement-du-projet-platina-3-en-ligne-8-fevrier-2021\/","title":{"rendered":"Communique a la presse reunion de lancement du projet PLATINA 3 en ligne \u2013 8 f\u00e9vrier 2021"},"content":{"rendered":"<p>&nbsp;<\/p>\n<p style=\"text-align: justify;\">Manfred Seitz, le Directeur g\u00e9n\u00e9ral du Secr\u00e9tariat de la Commission du Danube a particip\u00e9 le 8 f\u00e9vrier 2021 avec plusieurs conseillers \u00e0 la r\u00e9union de lancement en ligne du projet PLATINA 3 (<em>PLAtform for the implementaTIon of NAiades\/<\/em>Plateforme pour l\u2019impl\u00e9mentation de NAIADES). Financ\u00e9 par le programme Horizon 2020 de l\u2019Union europ\u00e9enne, PLATINA 3 a pour objectif principal de promouvoir le transport par voies de navigation int\u00e9rieures en tant qu\u2019un des instruments visant \u00e0 impl\u00e9menter le Pacte vert pour l\u2019Europe <em>(European Green Deal)<\/em> et deuxi\u00e8mement de contribuer en vue d\u2019une transformation par innovation et digitalisation du transport par voies de navigation int\u00e9rieures en conformit\u00e9 avec les objectifs visant la r\u00e9duction des \u00e9missions caus\u00e9es par la navigation int\u00e9rieure. PLATINA 3 est le successeur des projets PLATINA et PLATINA II, lesquels ont accord\u00e9 concours \u00e0 la Commission europ\u00e9enne dans l\u2019impl\u00e9mentation des pr\u00e9c\u00e9dents programmes d\u2019action europ\u00e9ens pour soutenir la navigation int\u00e9rieure (NAIADES I et II).<\/p>\n<p style=\"text-align: justify;\"><img alt=\"\" loading=\"lazy\" decoding=\"async\" class=\"size-full wp-image-8248 aligncenter\" src=\"https:\/\/www.danubecommission.org\/dc\/wp-content\/uploads\/2021\/02\/platina3.png\" alt=\"\" width=\"800\" height=\"397\" srcset=\"https:\/\/www.danubecommission.org\/dc\/wp-content\/uploads\/2021\/02\/platina3.png 800w, https:\/\/www.danubecommission.org\/dc\/wp-content\/uploads\/2021\/02\/platina3-300x149.png 300w, https:\/\/www.danubecommission.org\/dc\/wp-content\/uploads\/2021\/02\/platina3-768x381.png 768w\" sizes=\"auto, (max-width: 800px) 100vw, 800px\" \/><\/p>\n<p style=\"text-align: justify;\">Le projet a \u00e9t\u00e9 lanc\u00e9 en janvier 2021 et arrivera \u00e0 terme en juin 2023.<\/p>\n<p style=\"text-align: justify;\">\u00a0\u00a0\u00a0\u00a0\u00a0\u00a0\u00a0\u00a0\u00a0\u00a0\u00a0 Au cours de sa 94<sup>e<\/sup> session (11 d\u00e9cembre 2020), la Commission du Danube a accept\u00e9 de joindre les 13 autres partenaires, dont la Commission centrale pour la navigation du Rhin dans le projet PLATINA 3.<\/p>\n<p style=\"text-align: justify;\">\n","protected":false},"excerpt":{"rendered":"<p>&nbsp; Manfred Seitz, le Directeur g\u00e9n\u00e9ral du Secr\u00e9tariat de la Commission du Danube a particip\u00e9 le 8 f\u00e9vrier 2021 avec<\/p>\n","protected":false},"author":1,"featured_media":0,"comment_status":"closed","ping_status":"closed","sticky":false,"template":"","format":"standard","meta":{"_seopress_robots_primary_cat":"","_seopress_titles_title":"","_seopress_titles_desc":"","_seopress_robots_index":"","colormag_page_container_layout":"default_layout","colormag_page_sidebar_layout":"default_layout","footnotes":""},"categories":[114],"tags":[],"class_list":["post-8272","post","type-post","status-publish","format-standard","hentry","category-nouvelles-fr"],"_links":{"self":[{"href":"https:\/\/www.danubecommission.org\/dc\/wp-json\/wp\/v2\/posts\/8272","targetHints":{"allow":["GET"]}}],"collection":[{"href":"https:\/\/www.danubecommission.org\/dc\/wp-json\/wp\/v2\/posts"}],"about":[{"href":"https:\/\/www.danubecommission.org\/dc\/wp-json\/wp\/v2\/types\/post"}],"author":[{"embeddable":true,"href":"https:\/\/www.danubecommission.org\/dc\/wp-json\/wp\/v2\/users\/1"}],"replies":[{"embeddable":true,"href":"https:\/\/www.danubecommission.org\/dc\/wp-json\/wp\/v2\/comments?post=8272"}],"version-history":[{"count":0,"href":"https:\/\/www.danubecommission.org\/dc\/wp-json\/wp\/v2\/posts\/8272\/revisions"}],"wp:attachment":[{"href":"https:\/\/www.danubecommission.org\/dc\/wp-json\/wp\/v2\/media?parent=8272"}],"wp:term":[{"taxonomy":"category","embeddable":true,"href":"https:\/\/www.danubecommission.org\/dc\/wp-json\/wp\/v2\/categories?post=8272"},{"taxonomy":"post_tag","embeddable":true,"href":"https:\/\/www.danubecommission.org\/dc\/wp-json\/wp\/v2\/tags?post=8272"}],"curies":[{"name":"wp","href":"https:\/\/api.w.org\/{rel}","templated":true}]}}