{"id":9898,"date":"2022-02-15T13:10:24","date_gmt":"2022-02-15T12:10:24","guid":{"rendered":"https:\/\/www.danubecommission.org\/dc\/?p=9898"},"modified":"2022-02-15T13:16:50","modified_gmt":"2022-02-15T12:16:50","slug":"besuch-einer-delegation-des-staendigen-sekretariats-der-verkehrsgemeinschaft","status":"publish","type":"post","link":"https:\/\/www.danubecommission.org\/dc\/de\/2022\/02\/15\/besuch-einer-delegation-des-staendigen-sekretariats-der-verkehrsgemeinschaft\/","title":{"rendered":"Besuch einer Delegation des st\u00e4ndigen Sekretariats der Verkehrsgemeinschaft"},"content":{"rendered":"<p>&nbsp;<\/p>\n<p style=\"text-align: justify;\">Am 8. Februar 2022 hielten der Generaldirektor des Sekretariats der Donaukommission, Herr Manfred Seitz, und der Leiter des st\u00e4ndigen Sekretariats der Verkehrsgemeinschaft, Matej Zakonj\u0161ek, unter Teilnahme von Mitgliedern ihrer Teams im Geb\u00e4ude der Donaukommission ein gemeinsames Treffen ab, um die zuk\u00fcnftige Zusammenarbeit der beiden internationalen Organisationen im Bereich Binnenschifffahrt zu besprechen.<\/p>\n<p style=\"text-align: justify;\">Die Verkehrsgemeinschaft ist eine internationale Organisation im Bereich Mobilit\u00e4t und Verkehr, die 33 Teilnehmer aus allen EU-Mitgliedstaaten und sechs regionale Partner aus L\u00e4ndern des westlichen Balkans umfasst. Die Organisation wurde mit dem Vertrag zur Gr\u00fcndung der Verkehrsgemeinschaft ins Leben gerufen, der am 9. Oktober 2017 unterzeichnet wurde (Beschluss des Rates (EU) 2019\/392).<\/p>\n<p><img alt=\"\" loading=\"lazy\" decoding=\"async\" class=\"size-full wp-image-9896 aligncenter\" src=\"https:\/\/www.danubecommission.org\/dc\/wp-content\/uploads\/2022\/02\/IMG_2613.jpg\" alt=\"\" width=\"800\" height=\"533\" srcset=\"https:\/\/www.danubecommission.org\/dc\/wp-content\/uploads\/2022\/02\/IMG_2613.jpg 800w, https:\/\/www.danubecommission.org\/dc\/wp-content\/uploads\/2022\/02\/IMG_2613-300x200.jpg 300w, https:\/\/www.danubecommission.org\/dc\/wp-content\/uploads\/2022\/02\/IMG_2613-768x512.jpg 768w\" sizes=\"auto, (max-width: 800px) 100vw, 800px\" \/><\/p>\n<p style=\"text-align: justify;\">Herr Seitz gab Informationen \u00fcber die rechtlichen Grundlagen, den Aufbau und die Arbeitsschwerpunkte der Donaukommission. Au\u00dferdem schlug er einige Bereiche f\u00fcr eine engere Zusammenarbeit in der n\u00e4chsten Zukunft vor, wie etwa die Teilnahme an der Arbeit der Expertengruppen, den Prozess der Gemeinsamen Erkl\u00e4rung, Veranstaltungen im Rahmen von METEET, Projekte zur Untersuchung des Einflusses des Klimawandels, die Revision der TEN-V-Verordnung und die Implementierung der Verordnung zum Aufbau der Infrastruktur f\u00fcr alternative Kraftstoffe.<\/p>\n<p style=\"text-align: justify;\">Herr Matej Zakonj\u0161ek legte Informationen \u00fcber die Arbeit des Sekretariats der Verkehrsgemeinschaft, den Handlungsplan im Bereich Binnenschiffsverkehr und Multimodalit\u00e4t sowie die Arbeit des Technischen Ausschusses f\u00fcr Binnenschiffsverkehr und Multimodalit\u00e4t dar. Er begr\u00fc\u00dfte die vorgeschlagenen Bereiche f\u00fcr die Zusammenarbeit und betonte, dass das Sekretariat der Verkehrsgemeinschaft im Jahr 2022 ein offizieller Beobachter bei der DK werden m\u00f6chte. Er lud das Sekretariat der DK ein, als Beobachter an der Arbeit des Technischen Ausschusses f\u00fcr Binnenschiffsverkehr und Multimodalit\u00e4t des Sekretariats der Verkehrsgemeinschaft teilzunehmen. Er informierte auch \u00fcber die bevorstehende Konferenz \u00fcber Binnenschiffsverkehr und Multimodalit\u00e4t, deren Abhaltung im Hafen von Brcko Ende Juni\/Anfang Juli 2022 mit Teilnahme der Donaukommission geplant ist.<\/p>\n","protected":false},"excerpt":{"rendered":"<p>Am 8. Februar 2022 hielten der Generaldirektor des Sekretariats der Donaukommission, Herr Manfred Seitz, und der Leiter des st\u00e4ndigen Sekretariats der Verkehrsgemeinschaft, Matej Zakonj\u0161ek, unter Teilnahme von Mitgliedern ihrer Teams im Geb\u00e4ude der Donaukommission ein gemeinsames Treffen ab, um die zuk\u00fcnftige Zusammenarbeit der beiden internationalen Organisationen im Bereich Binnenschifffahrt zu besprechen.<\/p>\n","protected":false},"author":1,"featured_media":0,"comment_status":"closed","ping_status":"closed","sticky":false,"template":"","format":"standard","meta":{"_seopress_robots_primary_cat":"","_seopress_titles_title":"","_seopress_titles_desc":"","_seopress_robots_index":"","colormag_page_container_layout":"default_layout","colormag_page_sidebar_layout":"default_layout","footnotes":""},"categories":[49],"tags":[],"class_list":["post-9898","post","type-post","status-publish","format-standard","hentry","category-nachrichten"],"_links":{"self":[{"href":"https:\/\/www.danubecommission.org\/dc\/wp-json\/wp\/v2\/posts\/9898","targetHints":{"allow":["GET"]}}],"collection":[{"href":"https:\/\/www.danubecommission.org\/dc\/wp-json\/wp\/v2\/posts"}],"about":[{"href":"https:\/\/www.danubecommission.org\/dc\/wp-json\/wp\/v2\/types\/post"}],"author":[{"embeddable":true,"href":"https:\/\/www.danubecommission.org\/dc\/wp-json\/wp\/v2\/users\/1"}],"replies":[{"embeddable":true,"href":"https:\/\/www.danubecommission.org\/dc\/wp-json\/wp\/v2\/comments?post=9898"}],"version-history":[{"count":0,"href":"https:\/\/www.danubecommission.org\/dc\/wp-json\/wp\/v2\/posts\/9898\/revisions"}],"wp:attachment":[{"href":"https:\/\/www.danubecommission.org\/dc\/wp-json\/wp\/v2\/media?parent=9898"}],"wp:term":[{"taxonomy":"category","embeddable":true,"href":"https:\/\/www.danubecommission.org\/dc\/wp-json\/wp\/v2\/categories?post=9898"},{"taxonomy":"post_tag","embeddable":true,"href":"https:\/\/www.danubecommission.org\/dc\/wp-json\/wp\/v2\/tags?post=9898"}],"curies":[{"name":"wp","href":"https:\/\/api.w.org\/{rel}","templated":true}]}}